{"id":1,"date":"2016-03-02T09:12:11","date_gmt":"2016-03-02T09:12:11","guid":{"rendered":"http:\/\/www.nask.cz\/?p=1"},"modified":"2018-10-11T22:04:14","modified_gmt":"2018-10-11T22:04:14","slug":"hello-world","status":"publish","type":"post","link":"https:\/\/www.nask.cz\/index.php\/2016\/03\/02\/hello-world\/","title":{"rendered":"Minul\u00e9 ro\u010dn\u00edky"},"content":{"rendered":"<p><strong><img decoding=\"async\" loading=\"lazy\" class=\"alignnone size-medium wp-image-339\" src=\"http:\/\/www.nask.cz\/wp-content\/uploads\/2016\/03\/torzo1-200x300.jpg\" alt=\"torzo1\" width=\"200\" height=\"300\" srcset=\"https:\/\/www.nask.cz\/wp-content\/uploads\/2016\/03\/torzo1-200x300.jpg 200w, https:\/\/www.nask.cz\/wp-content\/uploads\/2016\/03\/torzo1.jpg 366w\" sizes=\"(max-width: 200px) 100vw, 200px\" \/><\/strong><\/p>\n<p><strong>2018<\/strong><\/p>\n<p>Nejlep\u0161\u00ed film: \u00dasm\u011bvy smutn\u00fdch mu\u017e\u016f<\/p>\n<p>re\u017eis\u00e9r: Dan Sv\u00e1tek<\/p>\n<p>nejlep\u0161\u00ed herec: David \u0160vehl\u00edk<\/p>\n<p>nejlep\u0161\u00ed sc\u00e9n\u00e1\u0159 a p\u0159edloha k filmu: Josef Form\u00e1nek<\/p>\n<p>nejlep\u0161\u00ed here\u010dka: Eli\u0161ka Balzerov\u00e1<\/p>\n<p>nej\u00fasp\u011b\u0161n\u011bj\u0161\u00ed film v distribuci: Avengers: Infinity War<\/p>\n<p>(distribu\u010dn\u00ed firma Falcon)<\/p>\n<p><strong>2017<\/strong><\/p>\n<p>Nejlep\u0161\u00ed film: Po strni\u0161ti bos<\/p>\n<p>re\u017eis\u00e9r: Jan Sv\u011br\u00e1k<\/p>\n<p>nejlep\u0161\u00ed herec: Ond\u0159ej Vetch\u00fd<\/p>\n<p>nejlep\u0161\u00ed here\u010dka: Zuzana Kronerov\u00e1<\/p>\n<p>Nej\u00fasp\u011b\u0161n\u011bj\u0161\u00ed film ve filmov\u00e9 distribuci: And\u011bl P\u00e1n\u011b 2&nbsp;&nbsp;&nbsp;&nbsp;&nbsp;&nbsp;&nbsp;&nbsp;&nbsp;&nbsp;&nbsp;&nbsp;&nbsp;&nbsp;&nbsp; (distribu\u010dn\u00ed firma Falcon)<\/p>\n<p>Cena prezidenta NASK Radovana Novotn\u00e9ho a skl\u00e1rny Ajeto: re\u017eis\u00e9r Ji\u0159\u00ed Strach<\/p>\n<p><strong>2016<\/strong><\/p>\n<p>Nejlep\u0161\u00ed film: Teorie Tygra<\/p>\n<p>re\u017eie: Radek Bajgar<\/p>\n<p>nejlep\u0161\u00ed herec: Ji\u0159\u00ed Barto\u0161ka<\/p>\n<p>nejlep\u0161\u00ed here\u010dka: Eli\u0161ka Balzerov\u00e1<\/p>\n<p>Nej\u00fasp\u011b\u0161n\u011bj\u0161\u00ed film ve filmov\u00e9 distribuci: Star Wars \u2013 S\u00edla se probouz\u00ed<\/p>\n<p>Cena prezidenta NASK a skl\u00e1rny Ajeto: film Vlk z Kr\u00e1lovsk\u00fdch Vinohrad<\/p>\n<p>a za hereck\u00e9 mistrovstv\u00ed: Vlasta Chramostov\u00e1<\/p>\n<p><strong>2015<\/strong><\/p>\n<p>re\u017eie: Jan Pru\u0161inovsk\u00fd za film Kobry a U\u017eovky<br \/>\nhere\u010dka: Alena Mihulov\u00e1<br \/>\nherec: Kry\u0161tof H\u00e1dek<br \/>\nNej\u00fasp\u011b\u0161n\u011bj\u0161\u00edm sn\u00edmkem ve filmov\u00e9 distribuci se stal:&nbsp;Hobit: Bitva p\u011bti arm\u00e1d.<\/p>\n<p><strong>2014<\/strong><\/p>\n<p>nejlep\u0161\u00ed film: T\u0158I BRAT\u0158I<br \/>\nre\u017eis\u00e9r: Jan Sv\u011br\u00e1k<br \/>\nherec: Ond\u0159ej Vetch\u00fd<br \/>\nhere\u010dka: Vica Kerekes<br \/>\nCenu prezidenta akademie a skl\u00e1rny Ajeto&nbsp; z\u00edskal re\u017eis\u00e9r Zden\u011bk Sv\u011br\u00e1k za p\u0159\u00ednos \u010desk\u00e9 kinematografii.<\/p>\n<p><strong>2013<\/strong><\/p>\n<p style=\"text-align: left;\">nejlep\u0161\u00ed film: Revival (re\u017eie: Alice Nellis)<\/p>\n<p style=\"text-align: left;\">re\u017eis\u00e9r: Miloslav \u0160m\u00eddmajer<\/p>\n<p style=\"text-align: left;\">herec: Ivan Trojan<\/p>\n<p style=\"text-align: left;\">here\u010dka: Zuzana Byd\u017eovsk\u00e1<\/p>\n<p style=\"text-align: left;\">nej\u00fasp\u011b\u0161n\u011bj\u0161\u00ed film v distribuci: Babov\u0159esky<\/p>\n<p><strong>2012<\/strong><\/p>\n<p><strong>2011<\/strong><\/p>\n<p>nejlep\u0161\u00ed film: LIDICE<br \/>\nhere\u010dka: Simona Sta\u0161ov\u00e1<br \/>\nherec: Karel Roden<br \/>\nre\u017eis\u00e9r: Ji\u0159\u00ed Vejd\u011blek<br \/>\nnej\u00fasp\u011b\u0161n\u011bj\u0161\u00ed film ve filmov\u00e9 distribuci byl ocen\u011bn Harry Potter a Relikvie smrti&nbsp;\u2013 \u010d\u00e1st 2<br \/>\nCenu skl\u00e1rny Ajeto a prezidenta akademie z\u00edskala re\u017eis\u00e9rka Jana Po\u010dtov\u00e1 za film Generace Singles, dokument, kter\u00fd p\u0159it\u00e1hl div\u00e1ky zp\u011bt do kin.<\/p>\n<p><strong>2010<\/strong><\/p>\n<p>Cena prezidenta akademie NASK a skl\u00e1rny Ajeto: za sc\u00e9n\u00e1\u0159 k filmu K\u00e1j\u00ednek (Marek Dobe\u0161, Petr J\u00e1kl)<\/p>\n<p><strong>2009<\/strong><\/p>\n<p>nejlep\u0161\u00ed film: L\u00cdB\u00c1\u0160 JAKO B\u016eH<br \/>\nhere\u010dka: Martha Issov\u00e1<br \/>\nherec: Karel Roden<br \/>\nre\u017eis\u00e9r: V\u00e1clav Marhoul<\/p>\n<p>Nej\u00fasp\u011b\u0161n\u011bj\u0161\u00edm sn\u00edmkem 2008-9 ve filmov\u00e9 distribuci se stal Harry Potter: Princ dvoj\u00ed krve distribu\u010dn\u00ed spole\u010dnosti Warner bros.<\/p>\n<p>Cenu prezidenta akademie a skl\u00e1rny Ajeto z\u00edskala re\u017eis\u00e9rka:&nbsp;&nbsp;&nbsp; V\u011bra Chytilov\u00e1 za nesmazatelnou stopu ve sv\u011btov\u00e9 kinematografii<\/p>\n<p><strong>2008<\/strong><\/p>\n<p>nejlep\u0161\u00ed film: V\u00c1CLAV<\/p>\n<p><strong>2007<\/strong><\/p>\n<p>nejlep\u0161\u00ed film: VRATN\u00c9 LAHVE<\/p>\n<p><strong>2006<\/strong><\/p>\n<p>nejlep\u0161\u00ed film: \u00da\u010cASTN\u00cdCI Z\u00c1JEZDU<\/p>\n<p>re\u017eie: Bohdan Sl\u00e1ma (\u0160t\u011bst\u00ed)<\/p>\n<p>here\u010dka: Anna Pol\u00edvkov\u00e1<\/p>\n<p>herec: Pavel Li\u0161ka<\/p>\n<p>Cenu prezidenta akademie a skl\u00e1rny Ajeto: Fimf\u00e1rum 2 &#8211; Aurel Klimt za p\u0159\u00ednos v animovan\u00e9m filmu.<\/p>\n<p><strong>2005<\/strong><\/p>\n<p>nejlep\u0161\u00ed film: ROM\u00c1N PRO \u017dENY<\/p>\n<p>&nbsp;<\/p>\n<p><strong>2004<\/strong><\/p>\n<p>nejlep\u0161\u00ed film: \u017dELARY<\/p>\n<p>&nbsp;<\/p>\n<p><strong>2003<\/strong><\/p>\n<p>nejlep\u0161\u00ed film: PUPENDO<\/p>\n<p><strong>2002<\/strong><\/p>\n<p>nejlep\u0161\u00ed film: BAB\u00cd L\u00c9TO<\/p>\n<p><strong>2001<\/strong><\/p>\n<p>nejlep\u0161\u00ed film: TMAVOMODR\u00dd SV\u011aT<\/p>\n<p>&nbsp;<\/p>\n<p>&nbsp;<\/p>\n","protected":false},"excerpt":{"rendered":"<p>2018 Nejlep\u0161\u00ed film: \u00dasm\u011bvy smutn\u00fdch mu\u017e\u016f re\u017eis\u00e9r: Dan Sv\u00e1tek nejlep\u0161\u00ed herec: David \u0160vehl\u00edk nejlep\u0161\u00ed sc\u00e9n\u00e1\u0159 a p\u0159edloha k filmu: Josef Form\u00e1nek nejlep\u0161\u00ed here\u010dka: Eli\u0161ka Balzerov\u00e1 nej\u00fasp\u011b\u0161n\u011bj\u0161\u00ed film v distribuci: Avengers: Infinity War (distribu\u010dn\u00ed firma Falcon) 2017 Nejlep\u0161\u00ed film: Po strni\u0161ti bos re\u017eis\u00e9r: Jan Sv\u011br\u00e1k nejlep\u0161\u00ed herec: Ond\u0159ej Vetch\u00fd nejlep\u0161\u00ed here\u010dka: Zuzana Kronerov\u00e1 Nej\u00fasp\u011b\u0161n\u011bj\u0161\u00ed film ve &hellip; <a href=\"https:\/\/www.nask.cz\/index.php\/2016\/03\/02\/hello-world\/\" class=\"more-link\">Pokra\u010dov\u00e1n\u00ed textu <span class=\"screen-reader-text\">Minul\u00e9 ro\u010dn\u00edky<\/span> <span class=\"meta-nav\">&rarr;<\/span><\/a><\/p>\n","protected":false},"author":1,"featured_media":0,"comment_status":"open","ping_status":"open","sticky":false,"template":"","format":"standard","meta":{"ngg_post_thumbnail":0,"footnotes":""},"categories":[6],"tags":[],"_links":{"self":[{"href":"https:\/\/www.nask.cz\/index.php\/wp-json\/wp\/v2\/posts\/1"}],"collection":[{"href":"https:\/\/www.nask.cz\/index.php\/wp-json\/wp\/v2\/posts"}],"about":[{"href":"https:\/\/www.nask.cz\/index.php\/wp-json\/wp\/v2\/types\/post"}],"author":[{"embeddable":true,"href":"https:\/\/www.nask.cz\/index.php\/wp-json\/wp\/v2\/users\/1"}],"replies":[{"embeddable":true,"href":"https:\/\/www.nask.cz\/index.php\/wp-json\/wp\/v2\/comments?post=1"}],"version-history":[{"count":17,"href":"https:\/\/www.nask.cz\/index.php\/wp-json\/wp\/v2\/posts\/1\/revisions"}],"predecessor-version":[{"id":846,"href":"https:\/\/www.nask.cz\/index.php\/wp-json\/wp\/v2\/posts\/1\/revisions\/846"}],"wp:attachment":[{"href":"https:\/\/www.nask.cz\/index.php\/wp-json\/wp\/v2\/media?parent=1"}],"wp:term":[{"taxonomy":"category","embeddable":true,"href":"https:\/\/www.nask.cz\/index.php\/wp-json\/wp\/v2\/categories?post=1"},{"taxonomy":"post_tag","embeddable":true,"href":"https:\/\/www.nask.cz\/index.php\/wp-json\/wp\/v2\/tags?post=1"}],"curies":[{"name":"wp","href":"https:\/\/api.w.org\/{rel}","templated":true}]}}